{"id":2394,"date":"2024-10-08T13:30:24","date_gmt":"2024-10-08T13:30:24","guid":{"rendered":"https:\/\/legaltechcolab.com\/?p=2394"},"modified":"2024-12-02T08:02:18","modified_gmt":"2024-12-02T08:02:18","slug":"legal-tech-und-purpose-das-ltc-jahresevent-2024","status":"publish","type":"post","link":"https:\/\/legaltechcolab.com\/de\/legal-tech-und-purpose-das-ltc-jahresevent-2024\/","title":{"rendered":"Legal Tech und Purpose &#8211; Das LTC Jahresevent 2024"},"content":{"rendered":"\n<p>An unserem 2. Jahrestag des Legal Tech Colabs haben wir nicht nur voller Freude unseren Geburtstag gefeiert, sondern auch die neuesten Entwicklungen und Impact-Projekte im Bereich Legal Tech pr\u00e4sentiert!<\/p>\n\n\n\n<p><\/p>\n\n\n\n<h2 class=\"wp-block-heading\">Highlights und Aktivit\u00e4ten <\/h2>\n\n\n\n<ul class=\"wp-block-list\">\n<li><strong>Gru\u00dfwort von <a href=\"https:\/\/www.linkedin.com\/in\/ACoAADI6Pu4BzkF_EKmAN9Cweg-0Lf_z5ryrcMs\"><\/a><a href=\"https:\/\/www.linkedin.com\/in\/georgeisenreich\/\">Staatsminister Georg Eisenreich<\/a><\/strong><br>Wir sind sehr dankbar f\u00fcr die Initiative und Unterst\u00fctzung von Staatsminister Georg Eisenreich, ohne die das Legal Tech Colab nicht m\u00f6glich w\u00e4re. Ein herzliches Dankesch\u00f6n f\u00fcr \u00fcber zwei Jahre wertvoller Zusammenarbeit!<\/li>\n\n\n\n<li><strong>Keynote von <\/strong><a href=\"https:\/\/www.linkedin.com\/in\/christian-deckenbrock-21008b2\/\"><strong>Dr. Christian Deckenbrock<\/strong><\/a><br>Dr. Christian Deckenbrock begeisterte uns mit spannenden Einblicken in das anwaltliche Berufsrecht und seine Grenzen, angesichts der bevorstehenden Ver\u00e4nderungen durch KI.<\/li>\n\n\n\n<li><a href=\"http:\/\/lexet.ai\/\"><strong>lexet.ai<\/strong><\/a><br>In ihrem inspirierenden Video zeigten <a href=\"https:\/\/www.linkedin.com\/in\/ACoAAC05OQkBf29d3Yy6A_OrW2bP5H7yZSZIo2U\"><\/a><a href=\"https:\/\/www.linkedin.com\/in\/stanislaw-sojka\/\">Stanislaw S\u00f3jka<\/a> und <a href=\"https:\/\/www.linkedin.com\/in\/ACoAACT1h3QB4gBm1vIO42iO5jVT2pC4Z0ED96s\"><\/a><a href=\"https:\/\/www.linkedin.com\/in\/davidpodolsky\/\">David Podolskyi<\/a>, wie ihre innovative KI-Plattform die Ukraine bei der Rechtsangleichung zum EU-Beitritt unterst\u00fctzt \u2013 ein beeindruckendes Beispiel f\u00fcr Purpose-Driven AI!<\/li>\n\n\n\n<li><strong>Bek\u00e4mpfung von Hate-Speech<\/strong><br>Unser Manage and More by UnternehmerTUM Stipendiaten-Team, bestehend aus <a href=\"https:\/\/www.linkedin.com\/in\/ACoAADHvyEoBE0AdVWJj4FLg_cJJztunlY6Jqfg\"><\/a><a href=\"https:\/\/www.linkedin.com\/in\/natalie-sporrer-94a6b01b4\/\">Natalie Sporrer<\/a> und <a href=\"https:\/\/www.linkedin.com\/in\/ACoAACzNIDMBqUCQKZojEavQc7E-9Nv-F58B6sc\"><\/a><a href=\"https:\/\/www.linkedin.com\/in\/noel-schwarz-0906\/\">Noel Schwarz<\/a>, zeigte, wie ihre innovative L\u00f6sung zur Bek\u00e4mpfung von Hate-Speech echten gesellschaftlichen Wandel vorantreiben kann \u2013 ein tolles Beispiel f\u00fcr die F\u00f6rderung junger Talente im LTC!<\/li>\n\n\n\n<li><strong>Drei neue Studien zu Legal Tech und KI<\/strong><br>&#8211; <strong><a href=\"https:\/\/legal-ai-radar.de\/\">Legal AI Use Case Radar<\/a><\/strong> vorgestellt von Prof. Dr. Florian Matthes (TUM): Ein umfassender \u00dcberblick \u00fcber KI-Anwendungen im Rechtswesen.<br>&#8211; <strong><a href=\"https:\/\/legaltechcolab.com\/de\/ki-umfrage\/\" data-type=\"post\" data-id=\"2070\">KI-Fitness der bayerischen Anwaltschaft<\/a><\/strong> vorgestellt von <a href=\"https:\/\/www.linkedin.com\/in\/ACoAAAW3eiwB2HH8YVqGGYcGJPgrhJXu74Ixjs4\"><\/a>Prof. Dr. Peter Br\u00e4utigam (NOERR): Spannende Einblicke in die KI-Nutzung bei der bayerischen Anwaltschaft und im davit.<br>&#8211; <strong>Legal Tech Marktmonitor<\/strong> vorgestellt von <a href=\"https:\/\/www.linkedin.com\/in\/ACoAACUivHUBvcrVYyWWPPzrpbH9ph9nVBJOffw\"><\/a>Moritz Kr\u00fcsselmann (LTC): Der LegalTech Marktmonitor des Legal Tech Verband Deutschland in Zusammenarbeit mit der Bucerius Center on the Legal Profession, Verlag C.H.BECK oHG und dem Legal Tech Colab gibt neueste Insights \u00fcber den deutschen Legal Tech Markt.<\/li>\n\n\n\n<li><strong>Start Up Pitches<\/strong><br>Unsere innovativen Start Ups DeepMask, Lextract, CyberDesk, Iknaio Cryptoasset Analytics und Legalian beeindruckten uns mit ihren vision\u00e4ren L\u00f6sungen \u2013 die Zukunft von Legal Tech ist vielversprechend!<\/li>\n\n\n\n<li><strong>Networking<\/strong><br>Ein perfekter Ausklang: Intensive Gespr\u00e4che, neue Kontakte und eine F\u00fclle von Ideen f\u00fcr die Zukunft \u2013 das Networking hat uns alle inspiriert!<\/li>\n<\/ul>\n\n\n\n<p><\/p>\n\n\n\n<h2 class=\"wp-block-heading\">Fazit und Ausblick <\/h2>\n\n\n\n<p>Ein herzliches Dankesch\u00f6n geht an unseren neuen Sponsor, den Verlag C.H. Beck, der das Legal Tech Colab seit Oktober tatkr\u00e4ftig unterst\u00fctzt! Vielen Dank auch an alle G\u00e4ste, Speaker und Teilnehmenden, die diesen Abend so unvergesslich gemacht haben. Wir freuen uns riesig auf die spannenden Entwicklungen im Bereich Legal Tech, die vor uns liegen!<\/p>\n\n\n\n<figure class=\"wp-block-image size-large\"><img loading=\"lazy\" decoding=\"async\" width=\"1024\" height=\"683\" src=\"https:\/\/legaltechcolab.com\/wp-content\/uploads\/2024\/11\/1728485578249-_1_-1024x683.jpg\" alt=\"\" class=\"wp-image-2039\" srcset=\"https:\/\/legaltechcolab.com\/wp-content\/uploads\/2024\/11\/1728485578249-_1_-1024x683.jpg 1024w, https:\/\/legaltechcolab.com\/wp-content\/uploads\/2024\/11\/1728485578249-_1_-300x200.jpg 300w, https:\/\/legaltechcolab.com\/wp-content\/uploads\/2024\/11\/1728485578249-_1_-768x512.jpg 768w, https:\/\/legaltechcolab.com\/wp-content\/uploads\/2024\/11\/1728485578249-_1_-1536x1025.jpg 1536w, https:\/\/legaltechcolab.com\/wp-content\/uploads\/2024\/11\/1728485578249-_1_.jpg 2000w\" sizes=\"auto, (max-width: 1024px) 100vw, 1024px\" \/><figcaption class=\"wp-element-caption\">Alexander Laprell (Acting Managing Director) f\u00fchrte durch den Abend<\/figcaption><\/figure>\n\n\n\n<figure class=\"wp-block-image size-large\"><img loading=\"lazy\" decoding=\"async\" width=\"1024\" height=\"683\" src=\"https:\/\/legaltechcolab.com\/wp-content\/uploads\/2024\/11\/1728485577774-1024x683.jpg\" alt=\"\" class=\"wp-image-2041\" srcset=\"https:\/\/legaltechcolab.com\/wp-content\/uploads\/2024\/11\/1728485577774-1024x683.jpg 1024w, https:\/\/legaltechcolab.com\/wp-content\/uploads\/2024\/11\/1728485577774-300x200.jpg 300w, https:\/\/legaltechcolab.com\/wp-content\/uploads\/2024\/11\/1728485577774-768x512.jpg 768w, https:\/\/legaltechcolab.com\/wp-content\/uploads\/2024\/11\/1728485577774-1536x1025.jpg 1536w, https:\/\/legaltechcolab.com\/wp-content\/uploads\/2024\/11\/1728485577774.jpg 2000w\" sizes=\"auto, (max-width: 1024px) 100vw, 1024px\" \/><figcaption class=\"wp-element-caption\">Staatsminister Georg Eisenreich betonte die Bedeutung von Legal Tech<\/figcaption><\/figure>\n\n\n\n<figure class=\"wp-block-image size-large\"><img loading=\"lazy\" decoding=\"async\" width=\"1024\" height=\"683\" src=\"https:\/\/legaltechcolab.com\/wp-content\/uploads\/2024\/11\/1728485578155-1024x683.jpg\" alt=\"\" class=\"wp-image-2043\" srcset=\"https:\/\/legaltechcolab.com\/wp-content\/uploads\/2024\/11\/1728485578155-1024x683.jpg 1024w, https:\/\/legaltechcolab.com\/wp-content\/uploads\/2024\/11\/1728485578155-300x200.jpg 300w, https:\/\/legaltechcolab.com\/wp-content\/uploads\/2024\/11\/1728485578155-768x512.jpg 768w, https:\/\/legaltechcolab.com\/wp-content\/uploads\/2024\/11\/1728485578155-1536x1025.jpg 1536w, https:\/\/legaltechcolab.com\/wp-content\/uploads\/2024\/11\/1728485578155.jpg 2000w\" sizes=\"auto, (max-width: 1024px) 100vw, 1024px\" \/><figcaption class=\"wp-element-caption\">Beim Networking trafen Start-up, Unternehmen, Kanzleien und Justiz aufeinander<\/figcaption><\/figure>\n\n\n\n<p><\/p>\n","protected":false},"excerpt":{"rendered":"<p>Datum: 8. Oktober 2024, Ort: Munich Urban Colab M\u00fcnchen<\/p>\n","protected":false},"author":7,"featured_media":2374,"comment_status":"closed","ping_status":"closed","sticky":false,"template":"","format":"standard","meta":{"_acf_changed":false,"_monsterinsights_skip_tracking":false,"_monsterinsights_sitenote_active":false,"_monsterinsights_sitenote_note":"","_monsterinsights_sitenote_category":0,"footnotes":""},"categories":[28],"tags":[],"class_list":["post-2394","post","type-post","status-publish","format-standard","has-post-thumbnail","hentry","category-events-de"],"acf":[],"_links":{"self":[{"href":"https:\/\/legaltechcolab.com\/de\/wp-json\/wp\/v2\/posts\/2394","targetHints":{"allow":["GET"]}}],"collection":[{"href":"https:\/\/legaltechcolab.com\/de\/wp-json\/wp\/v2\/posts"}],"about":[{"href":"https:\/\/legaltechcolab.com\/de\/wp-json\/wp\/v2\/types\/post"}],"author":[{"embeddable":true,"href":"https:\/\/legaltechcolab.com\/de\/wp-json\/wp\/v2\/users\/7"}],"replies":[{"embeddable":true,"href":"https:\/\/legaltechcolab.com\/de\/wp-json\/wp\/v2\/comments?post=2394"}],"version-history":[{"count":5,"href":"https:\/\/legaltechcolab.com\/de\/wp-json\/wp\/v2\/posts\/2394\/revisions"}],"predecessor-version":[{"id":2477,"href":"https:\/\/legaltechcolab.com\/de\/wp-json\/wp\/v2\/posts\/2394\/revisions\/2477"}],"wp:featuredmedia":[{"embeddable":true,"href":"https:\/\/legaltechcolab.com\/de\/wp-json\/wp\/v2\/media\/2374"}],"wp:attachment":[{"href":"https:\/\/legaltechcolab.com\/de\/wp-json\/wp\/v2\/media?parent=2394"}],"wp:term":[{"taxonomy":"category","embeddable":true,"href":"https:\/\/legaltechcolab.com\/de\/wp-json\/wp\/v2\/categories?post=2394"},{"taxonomy":"post_tag","embeddable":true,"href":"https:\/\/legaltechcolab.com\/de\/wp-json\/wp\/v2\/tags?post=2394"}],"curies":[{"name":"wp","href":"https:\/\/api.w.org\/{rel}","templated":true}]}}